{"id":1266,"date":"2016-08-13T23:57:22","date_gmt":"2016-08-13T22:57:22","guid":{"rendered":"http:\/\/vernoux.info\/vivre-en-ardeche\/?p=1266"},"modified":"2017-12-31T18:47:40","modified_gmt":"2017-12-31T17:47:40","slug":"informations-de-rentree-date-de-rentree-jeudi-1er-septembre-2016-a-8h30","status":"publish","type":"post","link":"http:\/\/vernoux.info\/vivre-en-ardeche\/informations-de-rentree-date-de-rentree-jeudi-1er-septembre-2016-a-8h30\/","title":{"rendered":"INFORMATIONS DE RENTREE &#8211; DATE DE RENTREE : jeudi 1er septembre 2016 \u00e0 8h30."},"content":{"rendered":"<p><strong>DATE DE RENTREE : jeudi 1er septembre 2016 \u00e0 8h30.<\/strong><\/p>\n<p>Pour t\u00e9l\u00e9charger le document d&rsquo;<a href=\"https:\/\/docs.google.com\/viewerng\/viewer?url=http:\/\/vernoux.info\/telecharger-des-fichiers\/wp-admin\/admin-ajax.php?juwpfisadmin%3Dfalse%26action%3Dwpfd%26task%3Dfile.download%26wpfd_category_id%3D29%26wpfd_file_id%3D168%26token%3D8dabef576f834bf33037d683fad95dd4%26preview%3D1\" target=\"_blank\">informations de rentr\u00e9e<\/a> pour l&rsquo;\u00e9cole publique de Vernoux<\/p>\n<p>ou alors copier-coller le lien suivant dans votre navigateur :<\/p>\n<p>https:\/\/docs.google.com\/viewerng\/viewer?url=http:\/\/vernoux.info\/telecharger-des-fichiers\/wp-admin\/admin-ajax.php?juwpfisadmin%3Dfalse%26action%3Dwpfd%26task%3Dfile.download%26wpfd_category_id%3D29%26wpfd_file_id%3D168%26token%3D8dabef576f834bf33037d683fad95dd4%26preview%3D1<\/p>\n<p>ou retrouver le dans la rubrique Pratique&gt;T\u00e9l\u00e9chargement&gt; \u00e9tiquette Ecole publique<\/p>\n","protected":false},"excerpt":{"rendered":"<p>DATE DE RENTREE : jeudi 1er septembre 2016 \u00e0 8h30. Pour t\u00e9l\u00e9charger le document d&rsquo;informations de rentr\u00e9e pour l&rsquo;\u00e9cole publique de Vernoux ou alors copier-coller le lien suivant dans votre navigateur : https:\/\/docs.google.com\/viewerng\/viewer?url=http:\/\/vernoux.info\/telecharger-des-fichiers\/wp-admin\/admin-ajax.php?juwpfisadmin%3Dfalse%26action%3Dwpfd%26task%3Dfile.download%26wpfd_category_id%3D29%26wpfd_file_id%3D168%26token%3D8dabef576f834bf33037d683fad95dd4%26preview%3D1 ou retrouver le dans la rubrique Pratique&gt;T\u00e9l\u00e9chargement&gt; \u00e9tiquette Ecole publique<\/p>\n","protected":false},"author":1,"featured_media":1491,"comment_status":"open","ping_status":"open","sticky":false,"template":"","format":"standard","meta":{"kia_subtitle":"INFORMATIONS DE RENTREE  DATE DE RENTREE : jeudi 1er septembre 2016 \u00e0 8h30."},"categories":[119,11],"tags":[],"_links":{"self":[{"href":"http:\/\/vernoux.info\/vivre-en-ardeche\/wp-json\/wp\/v2\/posts\/1266"}],"collection":[{"href":"http:\/\/vernoux.info\/vivre-en-ardeche\/wp-json\/wp\/v2\/posts"}],"about":[{"href":"http:\/\/vernoux.info\/vivre-en-ardeche\/wp-json\/wp\/v2\/types\/post"}],"author":[{"embeddable":true,"href":"http:\/\/vernoux.info\/vivre-en-ardeche\/wp-json\/wp\/v2\/users\/1"}],"replies":[{"embeddable":true,"href":"http:\/\/vernoux.info\/vivre-en-ardeche\/wp-json\/wp\/v2\/comments?post=1266"}],"version-history":[{"count":5,"href":"http:\/\/vernoux.info\/vivre-en-ardeche\/wp-json\/wp\/v2\/posts\/1266\/revisions"}],"predecessor-version":[{"id":1378,"href":"http:\/\/vernoux.info\/vivre-en-ardeche\/wp-json\/wp\/v2\/posts\/1266\/revisions\/1378"}],"wp:featuredmedia":[{"embeddable":true,"href":"http:\/\/vernoux.info\/vivre-en-ardeche\/wp-json\/wp\/v2\/media\/1491"}],"wp:attachment":[{"href":"http:\/\/vernoux.info\/vivre-en-ardeche\/wp-json\/wp\/v2\/media?parent=1266"}],"wp:term":[{"taxonomy":"category","embeddable":true,"href":"http:\/\/vernoux.info\/vivre-en-ardeche\/wp-json\/wp\/v2\/categories?post=1266"},{"taxonomy":"post_tag","embeddable":true,"href":"http:\/\/vernoux.info\/vivre-en-ardeche\/wp-json\/wp\/v2\/tags?post=1266"}],"curies":[{"name":"wp","href":"https:\/\/api.w.org\/{rel}","templated":true}]}}